{"id":6771,"date":"2024-08-25T11:23:28","date_gmt":"2024-08-25T09:23:28","guid":{"rendered":"https:\/\/entretormentas.com\/?p=6771"},"modified":"2024-08-25T11:23:28","modified_gmt":"2024-08-25T09:23:28","slug":"urgullo-sureno-san-francisco-domina-regional-de-levantamiento-de-pesas","status":"publish","type":"post","link":"https:\/\/entretormentas.com\/urgullo-sureno-san-francisco-domina-regional-de-levantamiento-de-pesas\/","title":{"rendered":"\u00a1URGULLO SURE\u00d1O! San Francisco domina regional de Levantamiento de Pesas"},"content":{"rendered":"\n<p><strong>ENTRE TORMENTAS. <\/strong>Los atletas del municipio San Francisco dominaron el Campeonato Regional de Levantamiento de Pesas categor\u00eda Sub-15 y Sub-17 realizado en el Gimnasio Ali Romero, ubicado en el complejo deportivo de Maracaibo Luis Aparicio Montiel.<\/p>\n\n\n\n<figure class=\"wp-block-image size-full\"><img fetchpriority=\"high\" decoding=\"async\" width=\"960\" height=\"599\" src=\"https:\/\/entretormentas.com\/wp-content\/uploads\/2024\/08\/image-181.png\" alt=\"\" class=\"wp-image-6774\" srcset=\"https:\/\/entretormentas.com\/wp-content\/uploads\/2024\/08\/image-181.png 960w, https:\/\/entretormentas.com\/wp-content\/uploads\/2024\/08\/image-181-300x187.png 300w, https:\/\/entretormentas.com\/wp-content\/uploads\/2024\/08\/image-181-768x479.png 768w, https:\/\/entretormentas.com\/wp-content\/uploads\/2024\/08\/image-181-800x500.png 800w, https:\/\/entretormentas.com\/wp-content\/uploads\/2024\/08\/image-181-400x250.png 400w\" sizes=\"(max-width: 960px) 100vw, 960px\" \/><\/figure>\n\n\n\n<p>Los sure\u00f1os Elizabeth Cuen, Gabriela Villalobos, Franlys Guti\u00e9rrez, Eliezer Campos, Bernaldo Pi\u00f1a, Ernesto Angulo, Julio Rodr\u00edguez, Yonaiker Montilla, Jean Carmona, Alexander Mercado, Manuel Gonz\u00e1lez, N\u00e9stor Rivera, Maykol Guerrero, V\u00edctor Lozada y Ryan Rinc\u00f3n pertenecientes al Centro de Formaci\u00f3n Deportiva San Francisco y Feriozi Sport lograron las mejores marcas desde los 55 Kg hasta 96 Kg.<\/p>\n\n\n\n<p>Al encuentro con miras a conformar la selecci\u00f3n del estado que asistir\u00e1 al campeonato nacional en San Crist\u00f3bal, estado T\u00e1chira, asistieron 60 atletas de los municipios Cabimas, Lagunillas, Machiques, Valmore Rodr\u00edguez, Maracaibo y San Francisco.<br><strong><em>GS \/ Prensa IMDEP<\/em><\/strong><\/p>\n","protected":false},"excerpt":{"rendered":"<p>ENTRE TORMENTAS. Los atletas del municipio San Francisco dominaron el Campeonato Regional de Levantamiento de&#8230;<\/p>\n","protected":false},"author":2,"featured_media":6772,"comment_status":"closed","ping_status":"open","sticky":false,"template":"","format":"standard","meta":{"footnotes":""},"categories":[53],"tags":[],"class_list":["post-6771","post","type-post","status-publish","format-standard","has-post-thumbnail","hentry","category-deportes"],"_links":{"self":[{"href":"https:\/\/entretormentas.com\/index.php?rest_route=\/wp\/v2\/posts\/6771","targetHints":{"allow":["GET"]}}],"collection":[{"href":"https:\/\/entretormentas.com\/index.php?rest_route=\/wp\/v2\/posts"}],"about":[{"href":"https:\/\/entretormentas.com\/index.php?rest_route=\/wp\/v2\/types\/post"}],"author":[{"embeddable":true,"href":"https:\/\/entretormentas.com\/index.php?rest_route=\/wp\/v2\/users\/2"}],"replies":[{"embeddable":true,"href":"https:\/\/entretormentas.com\/index.php?rest_route=%2Fwp%2Fv2%2Fcomments&post=6771"}],"version-history":[{"count":1,"href":"https:\/\/entretormentas.com\/index.php?rest_route=\/wp\/v2\/posts\/6771\/revisions"}],"predecessor-version":[{"id":6775,"href":"https:\/\/entretormentas.com\/index.php?rest_route=\/wp\/v2\/posts\/6771\/revisions\/6775"}],"wp:featuredmedia":[{"embeddable":true,"href":"https:\/\/entretormentas.com\/index.php?rest_route=\/wp\/v2\/media\/6772"}],"wp:attachment":[{"href":"https:\/\/entretormentas.com\/index.php?rest_route=%2Fwp%2Fv2%2Fmedia&parent=6771"}],"wp:term":[{"taxonomy":"category","embeddable":true,"href":"https:\/\/entretormentas.com\/index.php?rest_route=%2Fwp%2Fv2%2Fcategories&post=6771"},{"taxonomy":"post_tag","embeddable":true,"href":"https:\/\/entretormentas.com\/index.php?rest_route=%2Fwp%2Fv2%2Ftags&post=6771"}],"curies":[{"name":"wp","href":"https:\/\/api.w.org\/{rel}","templated":true}]}}