{"id":6789,"date":"2024-08-25T11:48:02","date_gmt":"2024-08-25T09:48:02","guid":{"rendered":"https:\/\/entretormentas.com\/?p=6789"},"modified":"2024-08-25T11:48:07","modified_gmt":"2024-08-25T09:48:07","slug":"yvan-gil-a-la-ue-postura-sobre-elecciones-podria-afectar-relaciones-diplomaticas","status":"publish","type":"post","link":"https:\/\/entretormentas.com\/yvan-gil-a-la-ue-postura-sobre-elecciones-podria-afectar-relaciones-diplomaticas\/","title":{"rendered":"\u00a1YV\u00c1N GIL A LA UE! Postura sobre elecciones podr\u00eda \u201cafectar relaciones diplom\u00e1ticas\u201d"},"content":{"rendered":"\n<p><strong>ENTRE TORMENTAS. <\/strong>La Canciller\u00eda rechaz\u00f3 el pronunciamiento de la Uni\u00f3n Europea (UE) que insiste en que el Consejo Nacional Electoral (CNE) debe presentar las actas de la elecci\u00f3n presidencial del 28 de julio.<\/p>\n\n\n\n<p>El canciller Yv\u00e1n Gil acus\u00f3 al alto representante de la UE para las relaciones exteriores, Josep Borrell, de respaldar a los Estados Unidos ante la situaci\u00f3n de Venezuela.<\/p>\n\n\n\n<p>\u00abEl irrespeto continuado a la soberan\u00eda e independencia de Venezuela y sus Poderes P\u00fablicos, por parte de la Uni\u00f3n Europea, se puede convertir en un nuevo salto al vac\u00edo que afectar\u00e1 de manera considerable las relaciones diplom\u00e1ticas, pol\u00edticas y econ\u00f3micas que hasta ahora se vienen desarrollando\u00bb, agreg\u00f3 en el comunicado difundido en Instagram.<\/p>\n\n\n\n<p>Gil tambi\u00e9n calific\u00f3 de \u00abfalsas\u00bb las actas de los comicios publicadas por el Comando Con Venezuela.<\/p>\n\n\n\n<p>\u00abUn 83 % de los documentos a los cuales hacen referencia son falsos y simplemente son productos de un plan delictivo en contra del voto popular\u00bb, asever\u00f3.<\/p>\n\n\n\n<p>Asimismo, exhort\u00f3 a la Uni\u00f3n Europea de abstenerse de emitir opini\u00f3n alguna sobre \u00abasuntos que les competen a los venezolanos\u00bb.<br><strong><em>GS \/ Uni\u00f3n Radio<\/em><\/strong><\/p>\n","protected":false},"excerpt":{"rendered":"<p>ENTRE TORMENTAS. La Canciller\u00eda rechaz\u00f3 el pronunciamiento de la Uni\u00f3n Europea (UE) que insiste en&#8230;<\/p>\n","protected":false},"author":2,"featured_media":6790,"comment_status":"closed","ping_status":"open","sticky":false,"template":"","format":"standard","meta":{"footnotes":""},"categories":[56,49],"tags":[],"class_list":["post-6789","post","type-post","status-publish","format-standard","has-post-thumbnail","hentry","category-destacadas","category-nacionales"],"_links":{"self":[{"href":"https:\/\/entretormentas.com\/index.php?rest_route=\/wp\/v2\/posts\/6789","targetHints":{"allow":["GET"]}}],"collection":[{"href":"https:\/\/entretormentas.com\/index.php?rest_route=\/wp\/v2\/posts"}],"about":[{"href":"https:\/\/entretormentas.com\/index.php?rest_route=\/wp\/v2\/types\/post"}],"author":[{"embeddable":true,"href":"https:\/\/entretormentas.com\/index.php?rest_route=\/wp\/v2\/users\/2"}],"replies":[{"embeddable":true,"href":"https:\/\/entretormentas.com\/index.php?rest_route=%2Fwp%2Fv2%2Fcomments&post=6789"}],"version-history":[{"count":1,"href":"https:\/\/entretormentas.com\/index.php?rest_route=\/wp\/v2\/posts\/6789\/revisions"}],"predecessor-version":[{"id":6791,"href":"https:\/\/entretormentas.com\/index.php?rest_route=\/wp\/v2\/posts\/6789\/revisions\/6791"}],"wp:featuredmedia":[{"embeddable":true,"href":"https:\/\/entretormentas.com\/index.php?rest_route=\/wp\/v2\/media\/6790"}],"wp:attachment":[{"href":"https:\/\/entretormentas.com\/index.php?rest_route=%2Fwp%2Fv2%2Fmedia&parent=6789"}],"wp:term":[{"taxonomy":"category","embeddable":true,"href":"https:\/\/entretormentas.com\/index.php?rest_route=%2Fwp%2Fv2%2Fcategories&post=6789"},{"taxonomy":"post_tag","embeddable":true,"href":"https:\/\/entretormentas.com\/index.php?rest_route=%2Fwp%2Fv2%2Ftags&post=6789"}],"curies":[{"name":"wp","href":"https:\/\/api.w.org\/{rel}","templated":true}]}}