{"id":6800,"date":"2024-08-26T10:28:33","date_gmt":"2024-08-26T08:28:33","guid":{"rendered":"https:\/\/entretormentas.com\/?p=6800"},"modified":"2024-08-26T10:28:34","modified_gmt":"2024-08-26T08:28:34","slug":"confiscaron-su-computadora-pnb-se-lleva-detenida-a-la-periodista-carmela-longo-y-a-su-hijo","status":"publish","type":"post","link":"https:\/\/entretormentas.com\/confiscaron-su-computadora-pnb-se-lleva-detenida-a-la-periodista-carmela-longo-y-a-su-hijo\/","title":{"rendered":"\u00a1CONFISCARON SU COMPUTADORA! PNB se lleva detenida a la periodista Carmela Longo y a su hijo"},"content":{"rendered":"\n<p><strong>ENTRE TORMENTAS. <\/strong>El Sindicato Nacional de Trabajadores de la Prensa (SNTP) ha denunciado la detenci\u00f3n de la periodista Carmela Longo y su hijo por parte de la Polic\u00eda Nacional Bolivariana (PNB) tras un allanamiento en su domicilio, ubicado en la Urbanizaci\u00f3n Horizonte, avenida R\u00f3mulo Gallegos de El Marqu\u00e9s, en Caracas.<\/p>\n\n\n\n<p>El operativo, realizado este domingo 25 de agosto, se llev\u00f3 a cabo bajo una orden de allanamiento presentada por los uniformados.<\/p>\n\n\n\n<p>\u00ab\u00a1Atenci\u00f3n! En estos momentos el Cuerpo de Polic\u00eda Nacional Bolivariana (CPNB) se lleva detenida a la periodista Carmela Longo en la Av. R\u00f3mulo Gallegos de el Marqu\u00e9s en la Urb. Horizonte\u00bb, escribi\u00f3 en su cuenta Jes\u00fas Medina Ezaine.<\/p>\n\n\n\n<p>De acuerdo con el reporte del SNTP, la intervenci\u00f3n policial incluy\u00f3 la incautaci\u00f3n de varios equipos de computaci\u00f3n del hogar de Longo.<\/p>\n\n\n\n<p>Los videos compartidos en redes sociales muestran a los funcionarios de la PNB trasladando a la periodista y a su hijo en una patrulla, mientras transportaban los equipos confiscados.<\/p>\n\n\n\n<p>La detenci\u00f3n de Longo se produce pocos d\u00edas despu\u00e9s de que la periodista anunciara su despido del medio de comunicaci\u00f3n \u00daltimas Noticias, donde hab\u00eda trabajado durante casi dos d\u00e9cadas.<br><strong><em>GS \/ Agencias<\/em><\/strong><\/p>\n","protected":false},"excerpt":{"rendered":"<p>ENTRE TORMENTAS. El Sindicato Nacional de Trabajadores de la Prensa (SNTP) ha denunciado la detenci\u00f3n&#8230;<\/p>\n","protected":false},"author":2,"featured_media":6801,"comment_status":"closed","ping_status":"open","sticky":false,"template":"","format":"standard","meta":{"footnotes":""},"categories":[56,49],"tags":[],"class_list":["post-6800","post","type-post","status-publish","format-standard","has-post-thumbnail","hentry","category-destacadas","category-nacionales"],"_links":{"self":[{"href":"https:\/\/entretormentas.com\/index.php?rest_route=\/wp\/v2\/posts\/6800","targetHints":{"allow":["GET"]}}],"collection":[{"href":"https:\/\/entretormentas.com\/index.php?rest_route=\/wp\/v2\/posts"}],"about":[{"href":"https:\/\/entretormentas.com\/index.php?rest_route=\/wp\/v2\/types\/post"}],"author":[{"embeddable":true,"href":"https:\/\/entretormentas.com\/index.php?rest_route=\/wp\/v2\/users\/2"}],"replies":[{"embeddable":true,"href":"https:\/\/entretormentas.com\/index.php?rest_route=%2Fwp%2Fv2%2Fcomments&post=6800"}],"version-history":[{"count":1,"href":"https:\/\/entretormentas.com\/index.php?rest_route=\/wp\/v2\/posts\/6800\/revisions"}],"predecessor-version":[{"id":6802,"href":"https:\/\/entretormentas.com\/index.php?rest_route=\/wp\/v2\/posts\/6800\/revisions\/6802"}],"wp:featuredmedia":[{"embeddable":true,"href":"https:\/\/entretormentas.com\/index.php?rest_route=\/wp\/v2\/media\/6801"}],"wp:attachment":[{"href":"https:\/\/entretormentas.com\/index.php?rest_route=%2Fwp%2Fv2%2Fmedia&parent=6800"}],"wp:term":[{"taxonomy":"category","embeddable":true,"href":"https:\/\/entretormentas.com\/index.php?rest_route=%2Fwp%2Fv2%2Fcategories&post=6800"},{"taxonomy":"post_tag","embeddable":true,"href":"https:\/\/entretormentas.com\/index.php?rest_route=%2Fwp%2Fv2%2Ftags&post=6800"}],"curies":[{"name":"wp","href":"https:\/\/api.w.org\/{rel}","templated":true}]}}