{"id":6806,"date":"2024-08-26T10:32:18","date_gmt":"2024-08-26T08:32:18","guid":{"rendered":"https:\/\/entretormentas.com\/?p=6806"},"modified":"2024-08-26T10:32:19","modified_gmt":"2024-08-26T08:32:19","slug":"desconoce-en-que-condicion-fue-citado-edmundo-gonzalez-afirma-que-responde-ante-los-venezolanos-y-no-ante-la-fiscalia","status":"publish","type":"post","link":"https:\/\/entretormentas.com\/desconoce-en-que-condicion-fue-citado-edmundo-gonzalez-afirma-que-responde-ante-los-venezolanos-y-no-ante-la-fiscalia\/","title":{"rendered":"\u00a1DESCONOCE EN QU\u00c9 CONDICI\u00d3N FUE CITADO! Edmundo Gonz\u00e1lez afirma que responde ante los venezolanos y no ante la Fiscal\u00eda"},"content":{"rendered":"\n<p><strong>ENTRE TORMENTAS. <\/strong>La noche de este 25 de agosto, un nuevo mensaje envi\u00f3 Edmundo Gonz\u00e1lez Urrutia a los venezolanos ante la acusaci\u00f3n de la Fiscal\u00eda horas antes de su citaci\u00f3n pautada para este lunes a las 10 de la ma\u00f1ana.<\/p>\n\n\n\n<p>El abanderado opositor habl\u00f3 por la investigaci\u00f3n en su contra por la publicaci\u00f3n de las actas de escrutinio de las elecciones presidenciales del 28 de julio que fueron recolectadas por la derecha venezolana.<\/p>\n\n\n\n<p>\u00abVenezolanos y venezolanas. En esta ocasi\u00f3n rindo declaraci\u00f3n ante ustedes, quienes son los garantes de la soberan\u00eda popular\u00bb, dijo Gonz\u00e1lez Urrutia en un video publicado en sus redes sociales.<\/p>\n\n\n\n<p>\u00abEl Ministerio P\u00fablico pretende someterme a una entrevista sin que se precise en qu\u00e9 condici\u00f3n se espera que comparezca y precalificando de delitos no cometidos. El fiscal general de la Rep\u00fablica se ha comportado reiteradamente como un acusador pol\u00edtico, condena por anticipado y ahora impulsa una citaci\u00f3n sin garant\u00edas de independencia y del debido proceso\u00bb, denunci\u00f3.<\/p>\n\n\n\n<p>Ante el aumento de la persecuci\u00f3n en contra de la disidencia, Gonz\u00e1lez Urrutia inst\u00f3 a Nicol\u00e1s Maduro a que \u00abentienda por una buena vez, que la soluci\u00f3n no est\u00e1 en la represi\u00f3n, sino en la verificaci\u00f3n internacional independiente y confiable de las actas, que no puede ser sustituida por una sentencia dictada al margen de la Constituci\u00f3n\u00bb.<\/p>\n\n\n\n<p>Gonz\u00e1lez Urrutia subray\u00f3 que \u00abla verdad de lo sucedido el 28 de julio es lo que salvar\u00e1 la institucionalidad democr\u00e1tica\u00bb y reiter\u00f3 su pedido para que \u00abpor la paz y el bienestar del pa\u00eds, presenten las actas\u00bb.<\/p>\n\n\n\n<p>\u00abExigimos respeto a la voluntad popular expresada en las elecciones del 28 de julio, que favorecieron ampliamente el cambio pol\u00edtico que represent\u00f3 mi candidatura. Propiciamos la b\u00fasqueda de f\u00f3rmulas que, con estricto sometimiento a la soberan\u00eda popular, permitan canalizar una transici\u00f3n ordenada, pac\u00edfica y con garant\u00edas para todos. Venezuela vive horas de incertidumbre y desasosiego producto del empe\u00f1o de ustedes de violar la voluntad de cambio. Las actas son la paz. Viva Venezuela libre. Gloria al Bravo Pueblo\u00bb, concluy\u00f3.<br><strong><em>GS \/ Monitoreamos<\/em><\/strong><\/p>\n","protected":false},"excerpt":{"rendered":"<p>ENTRE TORMENTAS. La noche de este 25 de agosto, un nuevo mensaje envi\u00f3 Edmundo Gonz\u00e1lez&#8230;<\/p>\n","protected":false},"author":2,"featured_media":6807,"comment_status":"closed","ping_status":"open","sticky":false,"template":"","format":"standard","meta":{"footnotes":""},"categories":[56,49],"tags":[],"class_list":["post-6806","post","type-post","status-publish","format-standard","has-post-thumbnail","hentry","category-destacadas","category-nacionales"],"_links":{"self":[{"href":"https:\/\/entretormentas.com\/index.php?rest_route=\/wp\/v2\/posts\/6806","targetHints":{"allow":["GET"]}}],"collection":[{"href":"https:\/\/entretormentas.com\/index.php?rest_route=\/wp\/v2\/posts"}],"about":[{"href":"https:\/\/entretormentas.com\/index.php?rest_route=\/wp\/v2\/types\/post"}],"author":[{"embeddable":true,"href":"https:\/\/entretormentas.com\/index.php?rest_route=\/wp\/v2\/users\/2"}],"replies":[{"embeddable":true,"href":"https:\/\/entretormentas.com\/index.php?rest_route=%2Fwp%2Fv2%2Fcomments&post=6806"}],"version-history":[{"count":1,"href":"https:\/\/entretormentas.com\/index.php?rest_route=\/wp\/v2\/posts\/6806\/revisions"}],"predecessor-version":[{"id":6808,"href":"https:\/\/entretormentas.com\/index.php?rest_route=\/wp\/v2\/posts\/6806\/revisions\/6808"}],"wp:featuredmedia":[{"embeddable":true,"href":"https:\/\/entretormentas.com\/index.php?rest_route=\/wp\/v2\/media\/6807"}],"wp:attachment":[{"href":"https:\/\/entretormentas.com\/index.php?rest_route=%2Fwp%2Fv2%2Fmedia&parent=6806"}],"wp:term":[{"taxonomy":"category","embeddable":true,"href":"https:\/\/entretormentas.com\/index.php?rest_route=%2Fwp%2Fv2%2Fcategories&post=6806"},{"taxonomy":"post_tag","embeddable":true,"href":"https:\/\/entretormentas.com\/index.php?rest_route=%2Fwp%2Fv2%2Ftags&post=6806"}],"curies":[{"name":"wp","href":"https:\/\/api.w.org\/{rel}","templated":true}]}}