{"id":6812,"date":"2024-08-26T10:35:46","date_gmt":"2024-08-26T08:35:46","guid":{"rendered":"https:\/\/entretormentas.com\/?p=6812"},"modified":"2024-08-26T10:35:47","modified_gmt":"2024-08-26T08:35:47","slug":"segun-ministro-de-comunas-fondos-para-proyectos-ganadores-se-entregaran-esta-semana","status":"publish","type":"post","link":"https:\/\/entretormentas.com\/segun-ministro-de-comunas-fondos-para-proyectos-ganadores-se-entregaran-esta-semana\/","title":{"rendered":"\u00a1SEG\u00daN MINISTRO DE COMUNAS! Fondos para proyectos ganadores se entregar\u00e1n esta semana"},"content":{"rendered":"\n<p><strong>ENTRE TORMENTAS. <\/strong>El ministro para las Comunas, \u00c1ngel Prado, asegur\u00f3 que para esta semana las comunidades contar\u00e1n con los recursos para los proyectos elegidos en la Segunda Consulta Popular Nacional 2024, inform\u00f3 Uni\u00f3n Radio.<\/p>\n\n\n\n<p>\u00abLevantamos el acta del proyecto ganador y esta misma semana van a tener los recursos\u00bb, a\u00f1adi\u00f3 en declaraciones a VTV este domingo 25 de agosto.<\/p>\n\n\n\n<p>Prado asegur\u00f3 que cuentan con un balance positivo de la Segunda Consulta Popular Nacional 2024.<\/p>\n\n\n\n<p>\u00abCon m\u00e1s cuatro mil 505 centros electorales hoy est\u00e1 acudiendo el pueblo masivamente a elegir sus proyectos ya discutidos en asambleas previas\u00bb, destac\u00f3.<\/p>\n\n\n\n<p>Adem\u00e1s, agreg\u00f3 que en esta consulta contaron con observadores internacionales de Cuba, El Salvador y Espa\u00f1a.<br><strong><em>GS \/ Agencias<\/em><\/strong><\/p>\n","protected":false},"excerpt":{"rendered":"<p>ENTRE TORMENTAS. El ministro para las Comunas, \u00c1ngel Prado, asegur\u00f3 que para esta semana las&#8230;<\/p>\n","protected":false},"author":2,"featured_media":6813,"comment_status":"closed","ping_status":"open","sticky":false,"template":"","format":"standard","meta":{"footnotes":""},"categories":[57,49],"tags":[],"class_list":["post-6812","post","type-post","status-publish","format-standard","has-post-thumbnail","hentry","category-actualidad","category-nacionales"],"_links":{"self":[{"href":"https:\/\/entretormentas.com\/index.php?rest_route=\/wp\/v2\/posts\/6812","targetHints":{"allow":["GET"]}}],"collection":[{"href":"https:\/\/entretormentas.com\/index.php?rest_route=\/wp\/v2\/posts"}],"about":[{"href":"https:\/\/entretormentas.com\/index.php?rest_route=\/wp\/v2\/types\/post"}],"author":[{"embeddable":true,"href":"https:\/\/entretormentas.com\/index.php?rest_route=\/wp\/v2\/users\/2"}],"replies":[{"embeddable":true,"href":"https:\/\/entretormentas.com\/index.php?rest_route=%2Fwp%2Fv2%2Fcomments&post=6812"}],"version-history":[{"count":1,"href":"https:\/\/entretormentas.com\/index.php?rest_route=\/wp\/v2\/posts\/6812\/revisions"}],"predecessor-version":[{"id":6814,"href":"https:\/\/entretormentas.com\/index.php?rest_route=\/wp\/v2\/posts\/6812\/revisions\/6814"}],"wp:featuredmedia":[{"embeddable":true,"href":"https:\/\/entretormentas.com\/index.php?rest_route=\/wp\/v2\/media\/6813"}],"wp:attachment":[{"href":"https:\/\/entretormentas.com\/index.php?rest_route=%2Fwp%2Fv2%2Fmedia&parent=6812"}],"wp:term":[{"taxonomy":"category","embeddable":true,"href":"https:\/\/entretormentas.com\/index.php?rest_route=%2Fwp%2Fv2%2Fcategories&post=6812"},{"taxonomy":"post_tag","embeddable":true,"href":"https:\/\/entretormentas.com\/index.php?rest_route=%2Fwp%2Fv2%2Ftags&post=6812"}],"curies":[{"name":"wp","href":"https:\/\/api.w.org\/{rel}","templated":true}]}}