{"id":6818,"date":"2024-08-26T10:39:18","date_gmt":"2024-08-26T08:39:18","guid":{"rendered":"https:\/\/entretormentas.com\/?p=6818"},"modified":"2024-08-26T10:39:19","modified_gmt":"2024-08-26T08:39:19","slug":"con-el-lema-acta-mata-sentencia-maria-corina-machado-convoca-a-marcha-el-28-de-agosto","status":"publish","type":"post","link":"https:\/\/entretormentas.com\/con-el-lema-acta-mata-sentencia-maria-corina-machado-convoca-a-marcha-el-28-de-agosto\/","title":{"rendered":"\u00a1CON EL LEMA \u00abACTA MATA SENTENCIA! Mar\u00eda Corina Machado convoca a marcha el 28 de agosto"},"content":{"rendered":"\n<p><strong>ENTRE TORMENTAS. <\/strong>La l\u00edder opositora venezolana, Mar\u00eda Corina Machado, realiz\u00f3 un llamado a la ciudadan\u00eda para manifestarse el pr\u00f3ximo 28 de agosto.<\/p>\n\n\n\n<p>Machado utiliz\u00f3 su cuenta en la plataforma X para pedir a los venezolanos a salir a las calles.<\/p>\n\n\n\n<p>\u201c\u00a1Acta mata sentencia! Por eso, cuando se cumple un mes de nuestra gloriosa victoria, en la cual Edmundo Gonz\u00e1lez fue electo Presidente, los venezolanos nos encontramos nuevamente en la calle\u201d, expres\u00f3 Machado en su mensaje.<\/p>\n\n\n\n<p>El anuncio fue respaldado y ratificado por el Comando con Venezuela. Con el lema \u00abacta mata sentencia\u00bb invitaron a concentrarse a las 11:00 de la ma\u00f1ana en la avenida Francisco de Miranda, a la altura del C.C. Lido en Caracas.<br><strong><em>GS \/ Agencias<\/em><\/strong><\/p>\n","protected":false},"excerpt":{"rendered":"<p>ENTRE TORMENTAS. La l\u00edder opositora venezolana, Mar\u00eda Corina Machado, realiz\u00f3 un llamado a la ciudadan\u00eda&#8230;<\/p>\n","protected":false},"author":2,"featured_media":6819,"comment_status":"closed","ping_status":"open","sticky":false,"template":"","format":"standard","meta":{"footnotes":""},"categories":[56,49],"tags":[],"class_list":["post-6818","post","type-post","status-publish","format-standard","has-post-thumbnail","hentry","category-destacadas","category-nacionales"],"_links":{"self":[{"href":"https:\/\/entretormentas.com\/index.php?rest_route=\/wp\/v2\/posts\/6818","targetHints":{"allow":["GET"]}}],"collection":[{"href":"https:\/\/entretormentas.com\/index.php?rest_route=\/wp\/v2\/posts"}],"about":[{"href":"https:\/\/entretormentas.com\/index.php?rest_route=\/wp\/v2\/types\/post"}],"author":[{"embeddable":true,"href":"https:\/\/entretormentas.com\/index.php?rest_route=\/wp\/v2\/users\/2"}],"replies":[{"embeddable":true,"href":"https:\/\/entretormentas.com\/index.php?rest_route=%2Fwp%2Fv2%2Fcomments&post=6818"}],"version-history":[{"count":1,"href":"https:\/\/entretormentas.com\/index.php?rest_route=\/wp\/v2\/posts\/6818\/revisions"}],"predecessor-version":[{"id":6820,"href":"https:\/\/entretormentas.com\/index.php?rest_route=\/wp\/v2\/posts\/6818\/revisions\/6820"}],"wp:featuredmedia":[{"embeddable":true,"href":"https:\/\/entretormentas.com\/index.php?rest_route=\/wp\/v2\/media\/6819"}],"wp:attachment":[{"href":"https:\/\/entretormentas.com\/index.php?rest_route=%2Fwp%2Fv2%2Fmedia&parent=6818"}],"wp:term":[{"taxonomy":"category","embeddable":true,"href":"https:\/\/entretormentas.com\/index.php?rest_route=%2Fwp%2Fv2%2Fcategories&post=6818"},{"taxonomy":"post_tag","embeddable":true,"href":"https:\/\/entretormentas.com\/index.php?rest_route=%2Fwp%2Fv2%2Ftags&post=6818"}],"curies":[{"name":"wp","href":"https:\/\/api.w.org\/{rel}","templated":true}]}}