{"id":6821,"date":"2024-08-26T10:41:31","date_gmt":"2024-08-26T08:41:31","guid":{"rendered":"https:\/\/entretormentas.com\/?p=6821"},"modified":"2024-08-26T10:41:32","modified_gmt":"2024-08-26T08:41:32","slug":"antes-del-16-de-septiembre-la-fvm-ve-la-situacion-complicada-ante-reinicio-de-clases","status":"publish","type":"post","link":"https:\/\/entretormentas.com\/antes-del-16-de-septiembre-la-fvm-ve-la-situacion-complicada-ante-reinicio-de-clases\/","title":{"rendered":"\u00a1ANTES DEL 16 DE SEPTIEMBRE! La FVM ve la \u00absituaci\u00f3n complicada\u00bb ante reinicio de clases"},"content":{"rendered":"\n<p><strong>ENTRE TORMENTAS. <\/strong>El nuevo a\u00f1o escolar 2024-2025 inicia este 16 de septiembre en Venezuela, pero por parte de la Federaci\u00f3n Venezolana de Maestro (FVM), \u00abla situaci\u00f3n es complicada\u00bb, ya que reportan d\u00e9ficit de docentes, mala infraestructura y bajos salarios para los trabajadores del sector educativo.<\/p>\n\n\n\n<p>\u201cLa situaci\u00f3n es complicada debido a que tenemos docentes que no sabemos si van a volver a sus centros de trabajo, porque est\u00e1n buscando otros ingresos, que les permitan sobrevivir con su n\u00facleo familiar\u201d, revel\u00f3 el presidente del Sindicato Venezolano de Maestros del Distrito Capital-FVM (Sinvema), Edgar Machado, en entrevista a El Pitazo.<\/p>\n\n\n\n<p>El representante sindical del gremio educativo por la FVM, destac\u00f3 que los trabajadores venezolanos tienen 890 d\u00edas sin recibir un aumento salarial, lo que significa m\u00e1s de dos a\u00f1os y medio con los mismos ingresos en un pa\u00eds con inflaci\u00f3n.<\/p>\n\n\n\n<p>\u201cUn contrato colectivo que ya tiene dos a\u00f1os y medio sin discutirse porque se par\u00f3 de la mesa el patrono, el Ministerio de Educaci\u00f3n, y, por lo menos, aqu\u00ed en Caracas m\u00e1s de 45 % de la infraestructura escolar est\u00e1 en malas condiciones\u201d, a\u00f1adi\u00f3.<\/p>\n\n\n\n<p>Machado asegur\u00f3 que este nuevo ciclo escolar pinta un panorama oscuro, adem\u00e1s, alerta de que un n\u00famero importante de estudiantes no vio asignaturas importantes como matem\u00e1ticas, biolog\u00eda, qu\u00edmica y f\u00edsica y, pese a eso, fueron pasados al pr\u00f3ximo grado acad\u00e9mico.<\/p>\n\n\n\n<p>\u201cLlevan una deficiencia de conocimiento, una situaci\u00f3n que se suma al d\u00e9ficit de docentes en educaci\u00f3n, porque no tenemos a las personas que van a sustituir a estos educadores que se fueron del pa\u00eds o se han dedicado a otras actividades productivas\u201d, argument\u00f3 el presidente de Sinvema.<\/p>\n\n\n\n<p>Las declaraciones de Machado coinciden con las de la presidenta de la Federaci\u00f3n Venezolana de Maestros (FVM), Carmen Teresa M\u00e1rquez, quien advirti\u00f3 que la educaci\u00f3n acarrea estos problemas hace m\u00e1s de tres a\u00f1os.<\/p>\n\n\n\n<p>\u201cLa educaci\u00f3n ha venido decayendo porque no se ha impartido 100 % del conocimiento a los ni\u00f1os de este pa\u00eds\u201d, denunci\u00f3 M\u00e1rquez. Asimismo, indic\u00f3 que mientras no le den respuestas al gremio es dif\u00edcil atender todos los problemas que van en contra de este servicio.<\/p>\n\n\n\n<p>\u201cSe han realizado reuniones con el Ministerio de Educaci\u00f3n, el Gobierno nacional y las organizaciones sindicales, pero no hemos logrado la firma de la III Convenci\u00f3n Colectiva \u00danica y Unitaria para discutir sobre la seguridad social, el salario y las diferentes primas de los educadores\u201d, se\u00f1al\u00f3 la vocera sindical.<\/p>\n\n\n\n<p>Resalt\u00f3 que todo este contexto les genera preocupaci\u00f3n, pues, el a\u00f1o escolar 2024-2025 est\u00e1 a la vuelta de la esquina; mientras que la educaci\u00f3n y sus problemas siguen all\u00ed.<\/p>\n\n\n\n<p>\u201cNo hay profesores, hay una deficiencia, vemos c\u00f3mo las matr\u00edculas del Pedag\u00f3gico de Caracas y de las Escuelas de Educaci\u00f3n han bajado en cualquier materia, especialmente, castellano o biolog\u00eda\u201d, reiter\u00f3.<\/p>\n\n\n\n<p>Seg\u00fan M\u00e1rquez, actualmente, las aulas para formar docentes solo cuentan con cuatro u ocho estudiantes, cuando a\u00f1os atr\u00e1s estos espacios sol\u00edan estar abarrotados.<\/p>\n\n\n\n<p>La presidenta de la FVM acot\u00f3 que est\u00e1n muy preocupados por la calidad de la educaci\u00f3n y los bajos salarios que percibe el personal docente, que, al final del d\u00eda, se traduce en des\u00e1nimo con su carrera.<\/p>\n\n\n\n<p>\u201cNo invierten, pareciera que la educaci\u00f3n no le importa al Gobierno, cuando es la palanca para el desarrollo de un pa\u00eds\u201d, concluy\u00f3 M\u00e1rquez.<br><strong><em>GS \/ El Pitazo<\/em><\/strong><\/p>\n","protected":false},"excerpt":{"rendered":"<p>ENTRE TORMENTAS. El nuevo a\u00f1o escolar 2024-2025 inicia este 16 de septiembre en Venezuela, pero&#8230;<\/p>\n","protected":false},"author":2,"featured_media":6822,"comment_status":"closed","ping_status":"open","sticky":false,"template":"","format":"standard","meta":{"footnotes":""},"categories":[57,49],"tags":[],"class_list":["post-6821","post","type-post","status-publish","format-standard","has-post-thumbnail","hentry","category-actualidad","category-nacionales"],"_links":{"self":[{"href":"https:\/\/entretormentas.com\/index.php?rest_route=\/wp\/v2\/posts\/6821","targetHints":{"allow":["GET"]}}],"collection":[{"href":"https:\/\/entretormentas.com\/index.php?rest_route=\/wp\/v2\/posts"}],"about":[{"href":"https:\/\/entretormentas.com\/index.php?rest_route=\/wp\/v2\/types\/post"}],"author":[{"embeddable":true,"href":"https:\/\/entretormentas.com\/index.php?rest_route=\/wp\/v2\/users\/2"}],"replies":[{"embeddable":true,"href":"https:\/\/entretormentas.com\/index.php?rest_route=%2Fwp%2Fv2%2Fcomments&post=6821"}],"version-history":[{"count":1,"href":"https:\/\/entretormentas.com\/index.php?rest_route=\/wp\/v2\/posts\/6821\/revisions"}],"predecessor-version":[{"id":6823,"href":"https:\/\/entretormentas.com\/index.php?rest_route=\/wp\/v2\/posts\/6821\/revisions\/6823"}],"wp:featuredmedia":[{"embeddable":true,"href":"https:\/\/entretormentas.com\/index.php?rest_route=\/wp\/v2\/media\/6822"}],"wp:attachment":[{"href":"https:\/\/entretormentas.com\/index.php?rest_route=%2Fwp%2Fv2%2Fmedia&parent=6821"}],"wp:term":[{"taxonomy":"category","embeddable":true,"href":"https:\/\/entretormentas.com\/index.php?rest_route=%2Fwp%2Fv2%2Fcategories&post=6821"},{"taxonomy":"post_tag","embeddable":true,"href":"https:\/\/entretormentas.com\/index.php?rest_route=%2Fwp%2Fv2%2Ftags&post=6821"}],"curies":[{"name":"wp","href":"https:\/\/api.w.org\/{rel}","templated":true}]}}