{"id":6824,"date":"2024-08-26T10:43:34","date_gmt":"2024-08-26T08:43:34","guid":{"rendered":"https:\/\/entretormentas.com\/?p=6824"},"modified":"2024-08-26T10:43:35","modified_gmt":"2024-08-26T08:43:35","slug":"en-machiques-diputado-del-clez-y-otras-dos-personas-mueren-en-accidente-de-transito","status":"publish","type":"post","link":"https:\/\/entretormentas.com\/en-machiques-diputado-del-clez-y-otras-dos-personas-mueren-en-accidente-de-transito\/","title":{"rendered":"\u00a1EN MACHIQUES! Diputado del CLEZ y otras dos personas mueren en accidente de tr\u00e1nsito"},"content":{"rendered":"\n<p><strong>ENTRE TORMENTAS. <\/strong>Miguel \u00c1ngel Agbatrai, diputado suplente del Consejo Legislativo del Estado Zulia (CLEZ), y otras dos personas murieron durante la tarde de este s\u00e1bado en un accidente de tr\u00e1nsito, ocurrido en la Sierra de Perij\u00e1 en Machiques.<\/p>\n\n\n\n<p>Seg\u00fan inform\u00f3 Radio Fe y Alegr\u00eda, las v\u00edctimas mortales iban en un cami\u00f3n, y adem\u00e1s de ellos, hay 14 personas heridas, entre ni\u00f1os y adultos de la etnia Bar\u00ed.<\/p>\n\n\n\n<p>El suceso fue en la v\u00eda Saimadoyi- Tukuko en la Sierra de Perij\u00e1, cuando parte de la directiva de Asociaci\u00f3n Bar\u00ed regresaba de esta comunidad ind\u00edgena hasta el municipio Machiques de Perij\u00e1.<\/p>\n\n\n\n<p>El diputado Miguel \u00c1ngel Agbatrai, presid\u00eda la subcomisi\u00f3n para los derechos y reconocimiento de los pueblos y comunidades ind\u00edgenas en el CLEZ. Los otros dos fallecidos son Alexa Jim\u00e9nez (26) y Yoel Melean (37).<\/p>\n\n\n\n<p>A los 14 heridos los trasladaron a los diferentes centros de salud privados del municipio fronterizo.<\/p>\n\n\n\n<p>La diputada Iraida Villasmil, presidenta del CLEZ, public\u00f3 unas palabras de condolencia por el deceso del diputado Agbatrai.<\/p>\n\n\n\n<p>\u00abDesde el Poder Legislativo del Estado Zulia, lamentamos el fallecimiento de nuestro Legislador Ind\u00edgena Suplente, Miguel Agbatrai, quien en vida fue un destacado dirigente pol\u00edtico y defensor de los derechos de los pueblos originarios de la entidad. Hoy nos unimos al duelo de sus familiares y amigos. Elevamos una plegaria al Todopoderoso por su eterno descanso \u00a1Paz a su alma!\u00bb, expuso el CLEZ.<br><strong><em>GS \/ Radio Fe y Alegr\u00eda<\/em><\/strong><\/p>\n","protected":false},"excerpt":{"rendered":"<p>ENTRE TORMENTAS. Miguel \u00c1ngel Agbatrai, diputado suplente del Consejo Legislativo del Estado Zulia (CLEZ), y&#8230;<\/p>\n","protected":false},"author":2,"featured_media":6825,"comment_status":"closed","ping_status":"open","sticky":false,"template":"","format":"standard","meta":{"footnotes":""},"categories":[57,52],"tags":[],"class_list":["post-6824","post","type-post","status-publish","format-standard","has-post-thumbnail","hentry","category-actualidad","category-sucesos"],"_links":{"self":[{"href":"https:\/\/entretormentas.com\/index.php?rest_route=\/wp\/v2\/posts\/6824","targetHints":{"allow":["GET"]}}],"collection":[{"href":"https:\/\/entretormentas.com\/index.php?rest_route=\/wp\/v2\/posts"}],"about":[{"href":"https:\/\/entretormentas.com\/index.php?rest_route=\/wp\/v2\/types\/post"}],"author":[{"embeddable":true,"href":"https:\/\/entretormentas.com\/index.php?rest_route=\/wp\/v2\/users\/2"}],"replies":[{"embeddable":true,"href":"https:\/\/entretormentas.com\/index.php?rest_route=%2Fwp%2Fv2%2Fcomments&post=6824"}],"version-history":[{"count":1,"href":"https:\/\/entretormentas.com\/index.php?rest_route=\/wp\/v2\/posts\/6824\/revisions"}],"predecessor-version":[{"id":6826,"href":"https:\/\/entretormentas.com\/index.php?rest_route=\/wp\/v2\/posts\/6824\/revisions\/6826"}],"wp:featuredmedia":[{"embeddable":true,"href":"https:\/\/entretormentas.com\/index.php?rest_route=\/wp\/v2\/media\/6825"}],"wp:attachment":[{"href":"https:\/\/entretormentas.com\/index.php?rest_route=%2Fwp%2Fv2%2Fmedia&parent=6824"}],"wp:term":[{"taxonomy":"category","embeddable":true,"href":"https:\/\/entretormentas.com\/index.php?rest_route=%2Fwp%2Fv2%2Fcategories&post=6824"},{"taxonomy":"post_tag","embeddable":true,"href":"https:\/\/entretormentas.com\/index.php?rest_route=%2Fwp%2Fv2%2Ftags&post=6824"}],"curies":[{"name":"wp","href":"https:\/\/api.w.org\/{rel}","templated":true}]}}