{"id":6858,"date":"2024-08-27T10:21:46","date_gmt":"2024-08-27T08:21:46","guid":{"rendered":"https:\/\/entretormentas.com\/?p=6858"},"modified":"2024-08-27T10:21:47","modified_gmt":"2024-08-27T08:21:47","slug":"a-toda-marcha-alcaldia-de-san-francisco-avanza-con-reparacion-del-socavamiento-del-km4","status":"publish","type":"post","link":"https:\/\/entretormentas.com\/a-toda-marcha-alcaldia-de-san-francisco-avanza-con-reparacion-del-socavamiento-del-km4\/","title":{"rendered":"\u00a1A TODA MARCHA! Alcald\u00eda de San Francisco avanza con reparaci\u00f3n del Socavamiento del Km4"},"content":{"rendered":"\n<p><strong>ENTRE TORMENTAS. <\/strong>Durante la jornada de trabajo de este lunes 26 de agosto, el alcalde del municipio San Francisco, Gustavo Fern\u00e1ndez, inspeccion\u00f3 los trabajos de reparaci\u00f3n en la falla de borde del kil\u00f3metro\u00a04, v\u00eda de gran importancia que conecta con otros municipios de la regi\u00f3n zuliana.<\/p>\n\n\n\n<p>\u201cNos encontramos supervisando los trabajos de recuperaci\u00f3n y reparaci\u00f3n del socavamiento, que avanzan aceleradamente. Seguimos d\u00e1ndole soluci\u00f3n a este problema de muchos a\u00f1os, que&nbsp;afect\u00f3 en gran manera la circulaci\u00f3n vehicular de esta transitada v\u00eda que limita con Mercasur, Maracaibo y la v\u00eda a Perij\u00e1\u201d, coment\u00f3 Fern\u00e1ndez M\u00e9ndez.<\/p>\n\n\n\n<figure class=\"wp-block-image size-large\"><img fetchpriority=\"high\" decoding=\"async\" width=\"1024\" height=\"576\" src=\"https:\/\/entretormentas.com\/wp-content\/uploads\/2024\/08\/image-211-1024x576.png\" alt=\"\" class=\"wp-image-6860\" srcset=\"https:\/\/entretormentas.com\/wp-content\/uploads\/2024\/08\/image-211-1024x576.png 1024w, https:\/\/entretormentas.com\/wp-content\/uploads\/2024\/08\/image-211-300x169.png 300w, https:\/\/entretormentas.com\/wp-content\/uploads\/2024\/08\/image-211-768x432.png 768w, https:\/\/entretormentas.com\/wp-content\/uploads\/2024\/08\/image-211.png 1080w\" sizes=\"(max-width: 1024px) 100vw, 1024px\" \/><\/figure>\n\n\n\n<p>El l\u00edder municipal expres\u00f3 que el tiempo pautado para la culminaci\u00f3n de esta obra era de seis meses, pero gracias al apoyo de un gran equipo multidisciplinario,&nbsp;encabezado por las gerencias de Infraestructura y Operaciones, se espera reducir el per\u00edodo de culminaci\u00f3n para tres semanas si las condiciones clim\u00e1ticas lo permiten.&nbsp;<\/p>\n\n\n\n<p>Por otro lado, Jos\u00e9 Luis Ram\u00edrez, gerente de Infraestructura resalt\u00f3 que para estas \u00faltimas labores se han utilizado aproximadamente 12 metros c\u00fabicos de concreto premezclado de alta resistencia, adem\u00e1s se ha establecido el almac\u00e9n de acero y refuerzo del muro de contenci\u00f3n. En las pr\u00f3ximas semanas se espera&nbsp; encofrar 50% del muro de contenci\u00f3n y utilizar 45 metros m\u00e1s de concreto.<\/p>\n\n\n\n<p>Los trabajos forman parte de las medidas tomadas por la gesti\u00f3n sure\u00f1a,\u00a0para la recuperaci\u00f3n de este importante tramo de la vialidad que permitir\u00e1 a miles de transportistas, comerciantes, peatones\u00a0de San Francisco y Maracaibo, circular con total seguridad y tranquilidad.<br><strong><em>GS \/ Alcald\u00eda de San Francisco<\/em><\/strong><\/p>\n","protected":false},"excerpt":{"rendered":"<p>ENTRE TORMENTAS. Durante la jornada de trabajo de este lunes 26 de agosto, el alcalde&#8230;<\/p>\n","protected":false},"author":2,"featured_media":6859,"comment_status":"closed","ping_status":"open","sticky":false,"template":"","format":"standard","meta":{"footnotes":""},"categories":[57,1],"tags":[],"class_list":["post-6858","post","type-post","status-publish","format-standard","has-post-thumbnail","hentry","category-actualidad","category-regionales"],"_links":{"self":[{"href":"https:\/\/entretormentas.com\/index.php?rest_route=\/wp\/v2\/posts\/6858","targetHints":{"allow":["GET"]}}],"collection":[{"href":"https:\/\/entretormentas.com\/index.php?rest_route=\/wp\/v2\/posts"}],"about":[{"href":"https:\/\/entretormentas.com\/index.php?rest_route=\/wp\/v2\/types\/post"}],"author":[{"embeddable":true,"href":"https:\/\/entretormentas.com\/index.php?rest_route=\/wp\/v2\/users\/2"}],"replies":[{"embeddable":true,"href":"https:\/\/entretormentas.com\/index.php?rest_route=%2Fwp%2Fv2%2Fcomments&post=6858"}],"version-history":[{"count":1,"href":"https:\/\/entretormentas.com\/index.php?rest_route=\/wp\/v2\/posts\/6858\/revisions"}],"predecessor-version":[{"id":6861,"href":"https:\/\/entretormentas.com\/index.php?rest_route=\/wp\/v2\/posts\/6858\/revisions\/6861"}],"wp:featuredmedia":[{"embeddable":true,"href":"https:\/\/entretormentas.com\/index.php?rest_route=\/wp\/v2\/media\/6859"}],"wp:attachment":[{"href":"https:\/\/entretormentas.com\/index.php?rest_route=%2Fwp%2Fv2%2Fmedia&parent=6858"}],"wp:term":[{"taxonomy":"category","embeddable":true,"href":"https:\/\/entretormentas.com\/index.php?rest_route=%2Fwp%2Fv2%2Fcategories&post=6858"},{"taxonomy":"post_tag","embeddable":true,"href":"https:\/\/entretormentas.com\/index.php?rest_route=%2Fwp%2Fv2%2Ftags&post=6858"}],"curies":[{"name":"wp","href":"https:\/\/api.w.org\/{rel}","templated":true}]}}