{"id":6862,"date":"2024-08-27T10:24:13","date_gmt":"2024-08-27T08:24:13","guid":{"rendered":"https:\/\/entretormentas.com\/?p=6862"},"modified":"2024-08-27T10:24:13","modified_gmt":"2024-08-27T08:24:13","slug":"vicepresidenta-del-mas-la-paz-de-venezuela-no-se-decreta-con-detenciones-ni-con-carcel","status":"publish","type":"post","link":"https:\/\/entretormentas.com\/vicepresidenta-del-mas-la-paz-de-venezuela-no-se-decreta-con-detenciones-ni-con-carcel\/","title":{"rendered":"VICEPRESIDENTA DEL MAS: \u00abLa paz de Venezuela no se decreta con detenciones ni con c\u00e1rcel\u00bb"},"content":{"rendered":"\n<p><strong>ENTRE TORMENTAS. <\/strong>La vicepresidenta del MAS, Mar\u00eda Verdeal, hizo un llamado urgente al gobierno nacional para que cese el amedrantamiento, la persecuci\u00f3n y las detenciones masivas como \u00fanica manera de resolver el conflicto pol\u00edtico luego de la elecci\u00f3n presidencial del pasado 28 de julio.<\/p>\n\n\n\n<p>\u00abNo todos son terroristas, fascistas o de la ultraderecha. Condenamos la actuaci\u00f3n de los cuerpos de seguridad del Estado, as\u00ed como las distintas leyes que se impulsan desde la Asamblea Nacional para perseguir a los venezolanos\u00bb.<\/p>\n\n\n\n<p>Verdeal se\u00f1al\u00f3 la apremiante necesidad de lograr un punto de entendimiento entre las partes porque la gente est\u00e1 agotada de tanta confrontaci\u00f3n pol\u00edtica y de la crisis social y econ\u00f3mica en la que estamos sumergidos desde hace a\u00f1os.<\/p>\n\n\n\n<p>\u00abEs inconcebible que un proceso electoral, en vez de abrir el camino para la recuperaci\u00f3n del pa\u00eds, genere un gran conflicto donde todo el peso y el poder del Estado recaen en contra los venezolanos\u00bb.<\/p>\n\n\n\n<p>La dirigente del MAS reiter\u00f3 que Venezuela entera exige transparencia y credibilidad de los resultados electorales, pero que esto no se logra desplegando el abuso de poder para encarcelar a dirigentes pol\u00edticos y ciudadanos comunes.<\/p>\n\n\n\n<p>\u00abEn este momento hay m\u00e1s de dis mil personas presas entre ni\u00f1os, adolescentes, j\u00f3venes, periodistas y dirigentes opositores y, lo que es peor, que el gobierno anuncia la creaci\u00f3n de c\u00e1rceles especiales. As\u00ed no se logra la paz, sino con confianza y transparencia a favor de Venezuela y no de intereses particulares\u201d.<\/p>\n\n\n\n<p>Con respecto a la decisi\u00f3n de la Sala Electoral del Tribunal Supremo de Justicia, la cual valid\u00f3 la reelecci\u00f3n de Nicol\u00e1s Maduro como presidente de la rep\u00fablica, la abogada Verdeal denunci\u00f3 que ning\u00fan partido pol\u00edtico fue convocado para la supuesta experticia electoral. \u00abNos preguntamos qui\u00e9nes fueron esos expertos electorales de alto nivel, nacional e internacional\u00bb.<\/p>\n\n\n\n<p>Record\u00f3 que el ente rector de los procesos comiciales es el CNE, de acuerdo con lo establecido en la Constituci\u00f3n Nacional y que a la Sala Electoral del TSJ se recurre cuando las partes involucradas no est\u00e1n de acuerdo con los resultados que dio el Consejo Nacional Electoral.<\/p>\n\n\n\n<p>\u00abDespu\u00e9s de esta decisi\u00f3n del TSJ, el Consejo Nacional Electoral est\u00e1 en la obligaci\u00f3n de publicar los resultados, mesa por mesa y discriminados por organizaci\u00f3n pol\u00edtica, para determinar lo sucedido el 28 de julio\u00bb.<\/p>\n\n\n\n<p>\u00abLa sentencia hace adem\u00e1s se\u00f1alamientos exclusivos en materia penal, atribuci\u00f3n que no le corresponde a la Sala Electoral. Esta decisi\u00f3n tiene visos de inconstitucionalidad y a efectos de agotar la v\u00eda interna, se puede recurrir a la Sala Constitucional del TSJ para que revise el dictamen\u00bb.<\/p>\n\n\n\n<p>Explic\u00f3 Verdeal que los poderes p\u00fablicos son aut\u00f3nomos y sus competencias son exclusivas. \u00abPudi\u00e9ramos hablar de usurpaci\u00f3n de funciones por parte de la Sala Electoral del TSJ al resolver una potestad que es exclusiva del CNE\u00bb.<\/p>\n\n\n\n<p>La dirigente de la tolda naranja se refiri\u00f3 tambi\u00e9n a la citaci\u00f3n que le hizo la Sala Electoral al excandidato presidencial, Edmundo Gonz\u00e1lez, sobre la comisi\u00f3n de presuntos hechos delictivos, donde no se determina si su comparecencia ser\u00e1 en calidad de testigo o supuesto participe de tales hechos.<\/p>\n\n\n\n<p>\u00abUna vez m\u00e1s se viola la Constituci\u00f3n y otras leyes, por lo que es l\u00f3gica la duda de Edmundo Gonz\u00e1lez de presentarse ante los organismos de justicia porque no ha cometido ning\u00fan hecho punible.<\/p>\n\n\n\n<p>En torno al comunicado del rector electoral Juan Carlos Delpino, la vicepresidenta de MAS se\u00f1al\u00f3 que este no contiene ninguna novedad, lo que s\u00ed es sorpresivo es que \u00e9l no pudo estar en la sala de totalizaci\u00f3n porque se lo impidieron.<\/p>\n\n\n\n<p>\u00abEste simple hecho corrobora las irregularidades en el proceso de escrutinio y totalizaci\u00f3n del CNE, situaci\u00f3n que puede aclararse con abrir todas las cajas contentivas de los comprobantes del voto\u00bb, finaliz\u00f3.<br><strong><em>GS \/ Prensa MAS<\/em><\/strong><\/p>\n","protected":false},"excerpt":{"rendered":"<p>ENTRE TORMENTAS. La vicepresidenta del MAS, Mar\u00eda Verdeal, hizo un llamado urgente al gobierno nacional&#8230;<\/p>\n","protected":false},"author":2,"featured_media":6863,"comment_status":"closed","ping_status":"open","sticky":false,"template":"","format":"standard","meta":{"footnotes":""},"categories":[56,49],"tags":[],"class_list":["post-6862","post","type-post","status-publish","format-standard","has-post-thumbnail","hentry","category-destacadas","category-nacionales"],"_links":{"self":[{"href":"https:\/\/entretormentas.com\/index.php?rest_route=\/wp\/v2\/posts\/6862","targetHints":{"allow":["GET"]}}],"collection":[{"href":"https:\/\/entretormentas.com\/index.php?rest_route=\/wp\/v2\/posts"}],"about":[{"href":"https:\/\/entretormentas.com\/index.php?rest_route=\/wp\/v2\/types\/post"}],"author":[{"embeddable":true,"href":"https:\/\/entretormentas.com\/index.php?rest_route=\/wp\/v2\/users\/2"}],"replies":[{"embeddable":true,"href":"https:\/\/entretormentas.com\/index.php?rest_route=%2Fwp%2Fv2%2Fcomments&post=6862"}],"version-history":[{"count":1,"href":"https:\/\/entretormentas.com\/index.php?rest_route=\/wp\/v2\/posts\/6862\/revisions"}],"predecessor-version":[{"id":6864,"href":"https:\/\/entretormentas.com\/index.php?rest_route=\/wp\/v2\/posts\/6862\/revisions\/6864"}],"wp:featuredmedia":[{"embeddable":true,"href":"https:\/\/entretormentas.com\/index.php?rest_route=\/wp\/v2\/media\/6863"}],"wp:attachment":[{"href":"https:\/\/entretormentas.com\/index.php?rest_route=%2Fwp%2Fv2%2Fmedia&parent=6862"}],"wp:term":[{"taxonomy":"category","embeddable":true,"href":"https:\/\/entretormentas.com\/index.php?rest_route=%2Fwp%2Fv2%2Fcategories&post=6862"},{"taxonomy":"post_tag","embeddable":true,"href":"https:\/\/entretormentas.com\/index.php?rest_route=%2Fwp%2Fv2%2Ftags&post=6862"}],"curies":[{"name":"wp","href":"https:\/\/api.w.org\/{rel}","templated":true}]}}