{"id":6868,"date":"2024-08-27T10:27:53","date_gmt":"2024-08-27T08:27:53","guid":{"rendered":"https:\/\/entretormentas.com\/?p=6868"},"modified":"2024-08-27T10:27:53","modified_gmt":"2024-08-27T08:27:53","slug":"ni-de-la-oposicion-espana-no-reconocera-victoria-de-maduro-si-no-se-verifican-las-actas","status":"publish","type":"post","link":"https:\/\/entretormentas.com\/ni-de-la-oposicion-espana-no-reconocera-victoria-de-maduro-si-no-se-verifican-las-actas\/","title":{"rendered":"\u00a1NI DE LA OPOSICI\u00d3N! Espa\u00f1a no reconocer\u00e1 victoria de Maduro si no se verifican las actas"},"content":{"rendered":"\n<p><strong>ENTRE TORMENTAS. <\/strong>El ministro de Asuntos Exteriores, Jos\u00e9 Manuel Albares, ratific\u00f3 este lunes que Espa\u00f1a no reconocer\u00e1 la victoria electoral de Nicol\u00e1s Maduro en Venezuela hasta que no se verifiquen las actas de los comicios, pero tampoco prev\u00e9 admitir hasta entonces un triunfo de la oposici\u00f3n.<\/p>\n\n\n\n<p>Entrevistado por la cadena radiof\u00f3nica SER, subray\u00f3 que el gobierno tiene una posici\u00f3n muy clara ante la situaci\u00f3n de Venezuela, que evit\u00f3 considerar una dictadura.<\/p>\n\n\n\n<p>\u00abNo vamos a reconocer ning\u00fan resultado electoral si no se exhiben las actas de todas las mesas y pueden ser verificadas por la oposici\u00f3n y por los organismos independientes\u00bb, recalc\u00f3 el ministro espa\u00f1ol.<\/p>\n\n\n\n<p>Defendi\u00f3 que se permita la libertad de expresi\u00f3n y de manifestaci\u00f3n pac\u00edfica de todos los venezolanos y, especialmente, de los l\u00edderes pol\u00edticos.<\/p>\n\n\n\n<p>Ante la posibilidad de que no se presenten las actas, asegur\u00f3 que no habr\u00e1, por tanto, un reconocimiento de la victoria de Maduro para un nuevo mandato presidencial, m\u00e1xime cuando los informes de los observadores de las elecciones apuntan a que \u00abempieza a haber m\u00e1s que dudas\u00bb sobre el resultado oficial.<\/p>\n\n\n\n<p>Al preguntarle si el gobierno prev\u00e9 reconocer la victoria de la oposici\u00f3n y de su candidato Edmundo Gonz\u00e1lez, como pide la oposici\u00f3n conservadora espa\u00f1ola (Partido Popular), precis\u00f3 que \u00abesto no se trata de un concurso para ver qui\u00e9n queda mejor\u00bb.<\/p>\n\n\n\n<p>Record\u00f3 que en su momento se reconoci\u00f3 al l\u00edder opositor Juan Guaid\u00f3 como presidente encargado y eso no hizo avanzar en la voluntad democr\u00e1tica.<\/p>\n\n\n\n<p>\u00abPor tanto, tenemos que ser muy responsables en lo que hacemos. Y lo que tenemos que pensar es que no se trata de hacer declaraciones contundentes, sino declaraciones eficaces, movimientos eficaces y, desde luego, nosotros no vamos a reconocer un resultado electoral que no est\u00e9 verificado\u00bb, incidi\u00f3.<br><strong><em>GS \/ EFE<\/em><\/strong><\/p>\n","protected":false},"excerpt":{"rendered":"<p>ENTRE TORMENTAS. El ministro de Asuntos Exteriores, Jos\u00e9 Manuel Albares, ratific\u00f3 este lunes que Espa\u00f1a&#8230;<\/p>\n","protected":false},"author":2,"featured_media":6869,"comment_status":"closed","ping_status":"open","sticky":false,"template":"","format":"standard","meta":{"footnotes":""},"categories":[56,48],"tags":[],"class_list":["post-6868","post","type-post","status-publish","format-standard","has-post-thumbnail","hentry","category-destacadas","category-internacionales"],"_links":{"self":[{"href":"https:\/\/entretormentas.com\/index.php?rest_route=\/wp\/v2\/posts\/6868","targetHints":{"allow":["GET"]}}],"collection":[{"href":"https:\/\/entretormentas.com\/index.php?rest_route=\/wp\/v2\/posts"}],"about":[{"href":"https:\/\/entretormentas.com\/index.php?rest_route=\/wp\/v2\/types\/post"}],"author":[{"embeddable":true,"href":"https:\/\/entretormentas.com\/index.php?rest_route=\/wp\/v2\/users\/2"}],"replies":[{"embeddable":true,"href":"https:\/\/entretormentas.com\/index.php?rest_route=%2Fwp%2Fv2%2Fcomments&post=6868"}],"version-history":[{"count":1,"href":"https:\/\/entretormentas.com\/index.php?rest_route=\/wp\/v2\/posts\/6868\/revisions"}],"predecessor-version":[{"id":6870,"href":"https:\/\/entretormentas.com\/index.php?rest_route=\/wp\/v2\/posts\/6868\/revisions\/6870"}],"wp:featuredmedia":[{"embeddable":true,"href":"https:\/\/entretormentas.com\/index.php?rest_route=\/wp\/v2\/media\/6869"}],"wp:attachment":[{"href":"https:\/\/entretormentas.com\/index.php?rest_route=%2Fwp%2Fv2%2Fmedia&parent=6868"}],"wp:term":[{"taxonomy":"category","embeddable":true,"href":"https:\/\/entretormentas.com\/index.php?rest_route=%2Fwp%2Fv2%2Fcategories&post=6868"},{"taxonomy":"post_tag","embeddable":true,"href":"https:\/\/entretormentas.com\/index.php?rest_route=%2Fwp%2Fv2%2Ftags&post=6868"}],"curies":[{"name":"wp","href":"https:\/\/api.w.org\/{rel}","templated":true}]}}