{"id":6871,"date":"2024-08-27T10:30:55","date_gmt":"2024-08-27T08:30:55","guid":{"rendered":"https:\/\/entretormentas.com\/?p=6871"},"modified":"2024-08-27T10:30:55","modified_gmt":"2024-08-27T08:30:55","slug":"sueno-intacto-anuncian-lista-preliminar-de-la-vinotinto-para-las-proximas-fechas-de-eliminatorias","status":"publish","type":"post","link":"https:\/\/entretormentas.com\/sueno-intacto-anuncian-lista-preliminar-de-la-vinotinto-para-las-proximas-fechas-de-eliminatorias\/","title":{"rendered":"\u00a1SUE\u00d1O INTACTO! Anuncian lista preliminar de la Vinotinto para las pr\u00f3ximas fechas de Eliminatorias"},"content":{"rendered":"\n<p><strong>ENTRE TORMENTAS.<\/strong> La selecci\u00f3n de Venezuela de f\u00fatbol public\u00f3 este lunes a trav\u00e9s de las redes sociales una lista preliminar para la doble fecha de Eliminatorias Sudamericanas que se disputar\u00e1n el pr\u00f3ximo mes de septiembre por la clasificaci\u00f3n al Mundial 2026.<\/p>\n\n\n\n<figure class=\"wp-block-image size-large\"><img fetchpriority=\"high\" decoding=\"async\" width=\"576\" height=\"1024\" src=\"https:\/\/entretormentas.com\/wp-content\/uploads\/2024\/08\/image-215-576x1024.png\" alt=\"\" class=\"wp-image-6872\" srcset=\"https:\/\/entretormentas.com\/wp-content\/uploads\/2024\/08\/image-215-576x1024.png 576w, https:\/\/entretormentas.com\/wp-content\/uploads\/2024\/08\/image-215-169x300.png 169w, https:\/\/entretormentas.com\/wp-content\/uploads\/2024\/08\/image-215.png 720w\" sizes=\"(max-width: 576px) 100vw, 576px\" \/><\/figure>\n\n\n\n<p>La Vinotinto tendr\u00e1 que enfrentarse a Bolivia el 05\/09 en La Paz y el 10\/09 contra la 15 veces campeona de Am\u00e9rica, Uruguay, en el Estadio Monumental de Maturin. Asimismo, la local\u00eda representa la fortaleza de la selecci\u00f3n venezolana en estas eliminatorias, pues, hasta el momento, no ha perdido en casa.<\/p>\n\n\n\n<p>La selecci\u00f3n actualmente se encuentra cuarta en la tabla de posiciones y ya se jugaron seis encuentros de una de las eliminatorias m\u00e1s parejas de los \u00faltimos a\u00f1os.<br><strong><em>GS \/ Agencias<\/em><\/strong><\/p>\n","protected":false},"excerpt":{"rendered":"<p>ENTRE TORMENTAS. La selecci\u00f3n de Venezuela de f\u00fatbol public\u00f3 este lunes a trav\u00e9s de las&#8230;<\/p>\n","protected":false},"author":2,"featured_media":6873,"comment_status":"closed","ping_status":"open","sticky":false,"template":"","format":"standard","meta":{"footnotes":""},"categories":[53],"tags":[],"class_list":["post-6871","post","type-post","status-publish","format-standard","has-post-thumbnail","hentry","category-deportes"],"_links":{"self":[{"href":"https:\/\/entretormentas.com\/index.php?rest_route=\/wp\/v2\/posts\/6871","targetHints":{"allow":["GET"]}}],"collection":[{"href":"https:\/\/entretormentas.com\/index.php?rest_route=\/wp\/v2\/posts"}],"about":[{"href":"https:\/\/entretormentas.com\/index.php?rest_route=\/wp\/v2\/types\/post"}],"author":[{"embeddable":true,"href":"https:\/\/entretormentas.com\/index.php?rest_route=\/wp\/v2\/users\/2"}],"replies":[{"embeddable":true,"href":"https:\/\/entretormentas.com\/index.php?rest_route=%2Fwp%2Fv2%2Fcomments&post=6871"}],"version-history":[{"count":1,"href":"https:\/\/entretormentas.com\/index.php?rest_route=\/wp\/v2\/posts\/6871\/revisions"}],"predecessor-version":[{"id":6874,"href":"https:\/\/entretormentas.com\/index.php?rest_route=\/wp\/v2\/posts\/6871\/revisions\/6874"}],"wp:featuredmedia":[{"embeddable":true,"href":"https:\/\/entretormentas.com\/index.php?rest_route=\/wp\/v2\/media\/6873"}],"wp:attachment":[{"href":"https:\/\/entretormentas.com\/index.php?rest_route=%2Fwp%2Fv2%2Fmedia&parent=6871"}],"wp:term":[{"taxonomy":"category","embeddable":true,"href":"https:\/\/entretormentas.com\/index.php?rest_route=%2Fwp%2Fv2%2Fcategories&post=6871"},{"taxonomy":"post_tag","embeddable":true,"href":"https:\/\/entretormentas.com\/index.php?rest_route=%2Fwp%2Fv2%2Ftags&post=6871"}],"curies":[{"name":"wp","href":"https:\/\/api.w.org\/{rel}","templated":true}]}}