{"id":6878,"date":"2024-08-27T10:34:34","date_gmt":"2024-08-27T08:34:34","guid":{"rendered":"https:\/\/entretormentas.com\/?p=6878"},"modified":"2024-08-27T10:34:35","modified_gmt":"2024-08-27T08:34:35","slug":"afirma-ministro-de-transporte-presidente-de-emtrasur-no-esta-involucrado-en-el-envio-de-tres-toneladas-de-cocaina","status":"publish","type":"post","link":"https:\/\/entretormentas.com\/afirma-ministro-de-transporte-presidente-de-emtrasur-no-esta-involucrado-en-el-envio-de-tres-toneladas-de-cocaina\/","title":{"rendered":"\u00a1AFIRMA MINISTRO DE TRANSPORTE! Presidente de Emtrasur no est\u00e1 involucrado en el env\u00edo de tres toneladas de coca\u00edna"},"content":{"rendered":"\n<p><strong>ENTRE TORMENTAS. <\/strong>El ministro de Transporte, Ram\u00f3n Vel\u00e1squez Araguay\u00e1n, desminti\u00f3 que el presidente de la Empresa de Transporte Aerocargo del Sur (EMTRASUR), C\u00e9sar Jos\u00e9 P\u00e9rez Salas, se encuentre involucrado en hechos irregulares.<\/p>\n\n\n\n<p>\u201cSe busca posicionar un Fake News (noticias falsas) al indicar que el presidente de EMTRASUR est\u00e1 detenido\u201d, dijo Vel\u00e1squez Araguay\u00e1n a trav\u00e9s de su cuenta oficial en la red social Instagram.<\/p>\n\n\n\n<p>Afirm\u00f3 que la informaci\u00f3n correcta es que, gracias a la intervenci\u00f3n oportuna de la Guardia Nacional Bolivariana (GNB), se frustr\u00f3 el env\u00edo fuera del pa\u00eds de tres toneladas de coca\u00edna, camufladas en empaques de caf\u00e9, procedentes desde el Norte de Santander, en Colombia.<\/p>\n\n\n\n<p>\u201cLa banda delincuencial con tent\u00e1culos en la empresa de Caf\u00e9 Colombiana rasgos.co, aspiraba pre\u00f1ar un avi\u00f3n de Conviasa con tres toneladas de coca\u00edna, en empaques de caf\u00e9, para llevarlos a Rusia y luego emplear un avi\u00f3n de TURKISH CARGO y trasladarlo hasta Afganist\u00e1n\u201d, explic\u00f3 el funcionario.<\/p>\n\n\n\n<p>Finalmente, el ministro de Transporte, Ram\u00f3n Vel\u00e1squez Araguay\u00e1n, manifest\u00f3 que quienes orquestaron este plan \u201cson mentes criminales que sue\u00f1an con hacerle da\u00f1o al pueblo de Venezuela\u201d.<br><em><strong>GS \/ Agencias<\/strong><\/em><\/p>\n","protected":false},"excerpt":{"rendered":"<p>ENTRE TORMENTAS. El ministro de Transporte, Ram\u00f3n Vel\u00e1squez Araguay\u00e1n, desminti\u00f3 que el presidente de la&#8230;<\/p>\n","protected":false},"author":2,"featured_media":6879,"comment_status":"closed","ping_status":"open","sticky":false,"template":"","format":"standard","meta":{"footnotes":""},"categories":[52],"tags":[],"class_list":["post-6878","post","type-post","status-publish","format-standard","has-post-thumbnail","hentry","category-sucesos"],"_links":{"self":[{"href":"https:\/\/entretormentas.com\/index.php?rest_route=\/wp\/v2\/posts\/6878","targetHints":{"allow":["GET"]}}],"collection":[{"href":"https:\/\/entretormentas.com\/index.php?rest_route=\/wp\/v2\/posts"}],"about":[{"href":"https:\/\/entretormentas.com\/index.php?rest_route=\/wp\/v2\/types\/post"}],"author":[{"embeddable":true,"href":"https:\/\/entretormentas.com\/index.php?rest_route=\/wp\/v2\/users\/2"}],"replies":[{"embeddable":true,"href":"https:\/\/entretormentas.com\/index.php?rest_route=%2Fwp%2Fv2%2Fcomments&post=6878"}],"version-history":[{"count":1,"href":"https:\/\/entretormentas.com\/index.php?rest_route=\/wp\/v2\/posts\/6878\/revisions"}],"predecessor-version":[{"id":6880,"href":"https:\/\/entretormentas.com\/index.php?rest_route=\/wp\/v2\/posts\/6878\/revisions\/6880"}],"wp:featuredmedia":[{"embeddable":true,"href":"https:\/\/entretormentas.com\/index.php?rest_route=\/wp\/v2\/media\/6879"}],"wp:attachment":[{"href":"https:\/\/entretormentas.com\/index.php?rest_route=%2Fwp%2Fv2%2Fmedia&parent=6878"}],"wp:term":[{"taxonomy":"category","embeddable":true,"href":"https:\/\/entretormentas.com\/index.php?rest_route=%2Fwp%2Fv2%2Fcategories&post=6878"},{"taxonomy":"post_tag","embeddable":true,"href":"https:\/\/entretormentas.com\/index.php?rest_route=%2Fwp%2Fv2%2Ftags&post=6878"}],"curies":[{"name":"wp","href":"https:\/\/api.w.org\/{rel}","templated":true}]}}