{"id":7174,"date":"2024-09-03T10:24:27","date_gmt":"2024-09-03T08:24:27","guid":{"rendered":"https:\/\/entretormentas.com\/?p=7174"},"modified":"2024-09-03T10:24:28","modified_gmt":"2024-09-03T08:24:28","slug":"manuel-rosales-rechazamos-la-orden-de-aprehension-emitida-contra-edmundo-gonzalez","status":"publish","type":"post","link":"https:\/\/entretormentas.com\/manuel-rosales-rechazamos-la-orden-de-aprehension-emitida-contra-edmundo-gonzalez\/","title":{"rendered":"MANUEL ROSALES: \u201cRechazamos la orden de aprehensi\u00f3n emitida contra Edmundo Gonz\u00e1lez\u201d"},"content":{"rendered":"\n<p><strong>ENTRE TORMENTAS. <\/strong>El l\u00edder opositor y gobernador del Zulia, Manuel Rosales, rechaz\u00f3 la noche de este lunes 2 de septiembre la orden de aprehensi\u00f3n emitida contra Edmundo Gonz\u00e1lez Urrutia, excandidato presidencial 2024.<\/p>\n\n\n\n<p>El presidente fundador de Un Nuevo Tiempo (UNT) expres\u00f3: \u201cEsto es un nuevo acto de persecuci\u00f3n pol\u00edtica por parte del gobierno nacional\u201d, puntualiz\u00f3.<\/p>\n\n\n\n<figure class=\"wp-block-image size-large\"><img fetchpriority=\"high\" decoding=\"async\" width=\"948\" height=\"1024\" src=\"https:\/\/entretormentas.com\/wp-content\/uploads\/2024\/09\/image-39-948x1024.png\" alt=\"\" class=\"wp-image-7176\" srcset=\"https:\/\/entretormentas.com\/wp-content\/uploads\/2024\/09\/image-39-948x1024.png 948w, https:\/\/entretormentas.com\/wp-content\/uploads\/2024\/09\/image-39-278x300.png 278w, https:\/\/entretormentas.com\/wp-content\/uploads\/2024\/09\/image-39-768x829.png 768w, https:\/\/entretormentas.com\/wp-content\/uploads\/2024\/09\/image-39-1024x1106.png 1024w, https:\/\/entretormentas.com\/wp-content\/uploads\/2024\/09\/image-39.png 1080w\" sizes=\"(max-width: 948px) 100vw, 948px\" \/><\/figure>\n\n\n\n<p>\u201cManifiesto mi solidaridad con \u00e9l y le env\u00edo fuerzas a su familia en este momento cr\u00edtico\u201d, fueron las palabras de Rosales para la familia del exembajador.<\/p>\n\n\n\n<p>A trav\u00e9s de sus redes sociales, Rosales expres\u00f3 su solidaridad con Edmundo Gonz\u00e1lez, asegurando que el dirigente opositor ha cumplido con todos los requisitos establecidos por la constituci\u00f3n para postularse a la presidencia.<\/p>\n\n\n\n<p>\u201cDe esta forma no vamos a dilucidar la controversia en el pa\u00eds\u201d, puntualiz\u00f3 Rosales.<br><strong><em>GS \/ Entre Tormentas<\/em><\/strong><\/p>\n","protected":false},"excerpt":{"rendered":"<p>ENTRE TORMENTAS. El l\u00edder opositor y gobernador del Zulia, Manuel Rosales, rechaz\u00f3 la noche de&#8230;<\/p>\n","protected":false},"author":2,"featured_media":7175,"comment_status":"closed","ping_status":"open","sticky":false,"template":"","format":"standard","meta":{"footnotes":""},"categories":[57,1],"tags":[],"class_list":["post-7174","post","type-post","status-publish","format-standard","has-post-thumbnail","hentry","category-actualidad","category-regionales"],"_links":{"self":[{"href":"https:\/\/entretormentas.com\/index.php?rest_route=\/wp\/v2\/posts\/7174","targetHints":{"allow":["GET"]}}],"collection":[{"href":"https:\/\/entretormentas.com\/index.php?rest_route=\/wp\/v2\/posts"}],"about":[{"href":"https:\/\/entretormentas.com\/index.php?rest_route=\/wp\/v2\/types\/post"}],"author":[{"embeddable":true,"href":"https:\/\/entretormentas.com\/index.php?rest_route=\/wp\/v2\/users\/2"}],"replies":[{"embeddable":true,"href":"https:\/\/entretormentas.com\/index.php?rest_route=%2Fwp%2Fv2%2Fcomments&post=7174"}],"version-history":[{"count":1,"href":"https:\/\/entretormentas.com\/index.php?rest_route=\/wp\/v2\/posts\/7174\/revisions"}],"predecessor-version":[{"id":7177,"href":"https:\/\/entretormentas.com\/index.php?rest_route=\/wp\/v2\/posts\/7174\/revisions\/7177"}],"wp:featuredmedia":[{"embeddable":true,"href":"https:\/\/entretormentas.com\/index.php?rest_route=\/wp\/v2\/media\/7175"}],"wp:attachment":[{"href":"https:\/\/entretormentas.com\/index.php?rest_route=%2Fwp%2Fv2%2Fmedia&parent=7174"}],"wp:term":[{"taxonomy":"category","embeddable":true,"href":"https:\/\/entretormentas.com\/index.php?rest_route=%2Fwp%2Fv2%2Fcategories&post=7174"},{"taxonomy":"post_tag","embeddable":true,"href":"https:\/\/entretormentas.com\/index.php?rest_route=%2Fwp%2Fv2%2Ftags&post=7174"}],"curies":[{"name":"wp","href":"https:\/\/api.w.org\/{rel}","templated":true}]}}