{"id":7556,"date":"2024-09-13T10:00:10","date_gmt":"2024-09-13T08:00:10","guid":{"rendered":"https:\/\/entretormentas.com\/?p=7556"},"modified":"2024-09-13T10:00:10","modified_gmt":"2024-09-13T08:00:10","slug":"edmundo-gonzalez-mi-compromiso-que-he-recibido-del-pueblo-de-venezuela-es-irrenunciable","status":"publish","type":"post","link":"https:\/\/entretormentas.com\/edmundo-gonzalez-mi-compromiso-que-he-recibido-del-pueblo-de-venezuela-es-irrenunciable\/","title":{"rendered":"EDMUNDO GONZ\u00c1LEZ: \u00abMi compromiso que he recibido del pueblo de Venezuela es irrenunciable\u00bb"},"content":{"rendered":"\n<p><strong>ENTRE TORMENTAS. <\/strong>Edmundo Gonz\u00e1lez, a trav\u00e9s de un comunicado divulgado en sus redes sociales, expres\u00f3 que su compromiso con el mandato que ha recibido de parte del pueblo soberano de Venezuela es irrenunciable y que el planteamiento de la lucha que Mar\u00eda Corina Machado y \u00e9l han conducido se mantiene inquebrantable. \u201cLa lucha es hasta el final, cuando finalmente todas nuestras familias puedan reunirse en el suelo venezolano\u201d, dijo.<\/p>\n\n\n\n<p>Ratific\u00f3 su agradecimiento al pueblo y al Gobierno de Espa\u00f1a por recibirlo en estas horas dif\u00edciles que atraviesa el pa\u00eds. Agradeci\u00f3 al Presidente Pedro S\u00e1nchez con quien sostuve un grato y productivo encuentro en La Moncloa. \u201cHablamos de la grave situaci\u00f3n que vive Venezuela y de la necesidad de trabajar conjuntamente por una transici\u00f3n a la democracia.<br>Agradeci\u00f3 tambi\u00e9n a todas las fuerzas pol\u00edticas espa\u00f1olas que luchan activamente por el reconocimiento de la voluntad soberana del pueblo de Venezuela, expresada en las mesas de votaci\u00f3n el pasado 28 de julio. \u201cMi gratitud al Congreso de los Diputados por el reconocimiento de mi victoria en las pasadas elecciones venezolanas\u201d.<br><strong><em>GS \/ Agencias<\/em><\/strong><\/p>\n","protected":false},"excerpt":{"rendered":"<p>ENTRE TORMENTAS. Edmundo Gonz\u00e1lez, a trav\u00e9s de un comunicado divulgado en sus redes sociales, expres\u00f3&#8230;<\/p>\n","protected":false},"author":2,"featured_media":7557,"comment_status":"closed","ping_status":"open","sticky":false,"template":"","format":"standard","meta":{"footnotes":""},"categories":[56,49],"tags":[],"class_list":["post-7556","post","type-post","status-publish","format-standard","has-post-thumbnail","hentry","category-destacadas","category-nacionales"],"_links":{"self":[{"href":"https:\/\/entretormentas.com\/index.php?rest_route=\/wp\/v2\/posts\/7556","targetHints":{"allow":["GET"]}}],"collection":[{"href":"https:\/\/entretormentas.com\/index.php?rest_route=\/wp\/v2\/posts"}],"about":[{"href":"https:\/\/entretormentas.com\/index.php?rest_route=\/wp\/v2\/types\/post"}],"author":[{"embeddable":true,"href":"https:\/\/entretormentas.com\/index.php?rest_route=\/wp\/v2\/users\/2"}],"replies":[{"embeddable":true,"href":"https:\/\/entretormentas.com\/index.php?rest_route=%2Fwp%2Fv2%2Fcomments&post=7556"}],"version-history":[{"count":1,"href":"https:\/\/entretormentas.com\/index.php?rest_route=\/wp\/v2\/posts\/7556\/revisions"}],"predecessor-version":[{"id":7558,"href":"https:\/\/entretormentas.com\/index.php?rest_route=\/wp\/v2\/posts\/7556\/revisions\/7558"}],"wp:featuredmedia":[{"embeddable":true,"href":"https:\/\/entretormentas.com\/index.php?rest_route=\/wp\/v2\/media\/7557"}],"wp:attachment":[{"href":"https:\/\/entretormentas.com\/index.php?rest_route=%2Fwp%2Fv2%2Fmedia&parent=7556"}],"wp:term":[{"taxonomy":"category","embeddable":true,"href":"https:\/\/entretormentas.com\/index.php?rest_route=%2Fwp%2Fv2%2Fcategories&post=7556"},{"taxonomy":"post_tag","embeddable":true,"href":"https:\/\/entretormentas.com\/index.php?rest_route=%2Fwp%2Fv2%2Ftags&post=7556"}],"curies":[{"name":"wp","href":"https:\/\/api.w.org\/{rel}","templated":true}]}}