{"id":9237,"date":"2024-10-22T10:00:56","date_gmt":"2024-10-22T08:00:56","guid":{"rendered":"https:\/\/entretormentas.com\/?p=9237"},"modified":"2024-10-22T10:00:56","modified_gmt":"2024-10-22T08:00:56","slug":"alcaldia-activa-implementan-plan-de-concienciacion-sobre-botes-de-agua-en-san-francisco","status":"publish","type":"post","link":"https:\/\/entretormentas.com\/alcaldia-activa-implementan-plan-de-concienciacion-sobre-botes-de-agua-en-san-francisco\/","title":{"rendered":"\u00a1ALCALD\u00cdA ACTIVA! Implementan plan de concienciaci\u00f3n sobre botes de agua en San Francisco"},"content":{"rendered":"\n<p><strong>ENTRE TORMENTAS.<\/strong> La Alcald\u00eda de San Francisco, a trav\u00e9s de la Gerencia de Promoci\u00f3n, Prevenci\u00f3n y Seguridad Ciudadana, ha puesto en marcha un plan de concienciaci\u00f3n destinado a abordar el bote de agua en las v\u00edas p\u00fablicas. Esta iniciativa busca no solo informar a los ciudadanos sobre las normativas vigentes, sino tambi\u00e9n fomentar un cambio de comportamiento que evite sanciones en el futuro por este motivo.<\/p>\n\n\n\n<p>El plan incluye visitas directas a comerciantes y residentes que han sido identificados como infractores con botes de agua. Durante estas visitas, los funcionarios de la Gerencia de Promoci\u00f3n, Prevenci\u00f3n y Seguridad Ciudadana, explican las consecuencias de esta pr\u00e1ctica, que afecta la vialidad y por consiguiente a los vecinos y colectividad, planteando alternativas sostenibles que contribuyan a evitar los botes de agua.<\/p>\n\n\n\n<figure class=\"wp-block-image size-large\"><img fetchpriority=\"high\" decoding=\"async\" width=\"1024\" height=\"768\" src=\"https:\/\/entretormentas.com\/wp-content\/uploads\/2024\/10\/image-442-1024x768.png\" alt=\"\" class=\"wp-image-9240\" srcset=\"https:\/\/entretormentas.com\/wp-content\/uploads\/2024\/10\/image-442-1024x768.png 1024w, https:\/\/entretormentas.com\/wp-content\/uploads\/2024\/10\/image-442-300x225.png 300w, https:\/\/entretormentas.com\/wp-content\/uploads\/2024\/10\/image-442-768x576.png 768w, https:\/\/entretormentas.com\/wp-content\/uploads\/2024\/10\/image-442.png 1040w\" sizes=\"(max-width: 1024px) 100vw, 1024px\" \/><\/figure>\n\n\n\n<p>Este plan busca educar a los ciudadanos sobre la importancia del uso responsable del agua y las implicaciones de su mal uso, tanto a nivel local como global, y generar un di\u00e1logo abierto entre los habitantes de las comunidades, y que sean ellos mismos los garantes de evitar todo lo que afecte el bienestar de los vecinos.<\/p>\n\n\n\n<p>El alcalde de San Francisco, Gustavo Fern\u00e1ndez, con iniciativas como esta, busca darle respuesta a los problemas de las comunidades de la mano de la educaci\u00f3n, concienciaci\u00f3n y participaci\u00f3n de los vecinos, como una herramienta clave para lograr un cambio significativo, que se conserven y que se mantengan las obras que se vayan realizando. Asimismo, esta iniciativa insta a todos los ciudadanos a colaborar en este esfuerzo, recordando que el cuidado del agua, de la vialidad y de los servicios es responsabilidad de todos.<\/p>\n\n\n\n<figure class=\"wp-block-image size-large\"><img decoding=\"async\" width=\"1024\" height=\"768\" src=\"https:\/\/entretormentas.com\/wp-content\/uploads\/2024\/10\/image-440-1024x768.png\" alt=\"\" class=\"wp-image-9238\" srcset=\"https:\/\/entretormentas.com\/wp-content\/uploads\/2024\/10\/image-440-1024x768.png 1024w, https:\/\/entretormentas.com\/wp-content\/uploads\/2024\/10\/image-440-300x225.png 300w, https:\/\/entretormentas.com\/wp-content\/uploads\/2024\/10\/image-440-768x576.png 768w, https:\/\/entretormentas.com\/wp-content\/uploads\/2024\/10\/image-440.png 1040w\" sizes=\"(max-width: 1024px) 100vw, 1024px\" \/><\/figure>\n\n\n\n<p>Con esta acci\u00f3n que involucra adem\u00e1s funcionarios de la Gerencia de Infraestructura y de la Direcci\u00f3n de Agua, de la Alcald\u00eda, tambi\u00e9n planea establecer un canal de comunicaci\u00f3n directo con los ciudadanos, con un enfoque participativo, que se hace fundamental para construir una comunidad m\u00e1s informada y comprometida con el cuidado de los recursos y servicios b\u00e1sicos.<\/p>\n\n\n\n<p>La Alcald\u00eda de San Francisco reafirma de esta manera su compromiso con la seguridad y el bienestar de sus ciudadanos, refiri\u00f3 por su parte Donell Ocando, Gerente de de Promoci\u00f3n, Prevenci\u00f3n y Seguridad Ciudadana, asegurando que se espera que este plan de concienciaci\u00f3n no solo reduzca las sanciones, en un futuro, sino que tambi\u00e9n promueva un uso m\u00e1s responsable y sostenible del agua en el municipio.<br><strong><em>GS \/ Alcald\u00eda de San Francisco<\/em><\/strong><\/p>\n","protected":false},"excerpt":{"rendered":"<p>ENTRE TORMENTAS. La Alcald\u00eda de San Francisco, a trav\u00e9s de la Gerencia de Promoci\u00f3n, Prevenci\u00f3n&#8230;<\/p>\n","protected":false},"author":2,"featured_media":9239,"comment_status":"closed","ping_status":"open","sticky":false,"template":"","format":"standard","meta":{"footnotes":""},"categories":[57,1],"tags":[],"class_list":["post-9237","post","type-post","status-publish","format-standard","has-post-thumbnail","hentry","category-actualidad","category-regionales"],"_links":{"self":[{"href":"https:\/\/entretormentas.com\/index.php?rest_route=\/wp\/v2\/posts\/9237","targetHints":{"allow":["GET"]}}],"collection":[{"href":"https:\/\/entretormentas.com\/index.php?rest_route=\/wp\/v2\/posts"}],"about":[{"href":"https:\/\/entretormentas.com\/index.php?rest_route=\/wp\/v2\/types\/post"}],"author":[{"embeddable":true,"href":"https:\/\/entretormentas.com\/index.php?rest_route=\/wp\/v2\/users\/2"}],"replies":[{"embeddable":true,"href":"https:\/\/entretormentas.com\/index.php?rest_route=%2Fwp%2Fv2%2Fcomments&post=9237"}],"version-history":[{"count":1,"href":"https:\/\/entretormentas.com\/index.php?rest_route=\/wp\/v2\/posts\/9237\/revisions"}],"predecessor-version":[{"id":9241,"href":"https:\/\/entretormentas.com\/index.php?rest_route=\/wp\/v2\/posts\/9237\/revisions\/9241"}],"wp:featuredmedia":[{"embeddable":true,"href":"https:\/\/entretormentas.com\/index.php?rest_route=\/wp\/v2\/media\/9239"}],"wp:attachment":[{"href":"https:\/\/entretormentas.com\/index.php?rest_route=%2Fwp%2Fv2%2Fmedia&parent=9237"}],"wp:term":[{"taxonomy":"category","embeddable":true,"href":"https:\/\/entretormentas.com\/index.php?rest_route=%2Fwp%2Fv2%2Fcategories&post=9237"},{"taxonomy":"post_tag","embeddable":true,"href":"https:\/\/entretormentas.com\/index.php?rest_route=%2Fwp%2Fv2%2Ftags&post=9237"}],"curies":[{"name":"wp","href":"https:\/\/api.w.org\/{rel}","templated":true}]}}