{"id":9717,"date":"2024-11-03T12:29:23","date_gmt":"2024-11-03T11:29:23","guid":{"rendered":"https:\/\/entretormentas.com\/?p=9717"},"modified":"2024-11-03T12:29:24","modified_gmt":"2024-11-03T11:29:24","slug":"recoleccion-domiciliaria-mas-de-30-barrios-de-tres-parroquias-surenas-se-suman-al-programa-san-francisco-limpio","status":"publish","type":"post","link":"https:\/\/entretormentas.com\/recoleccion-domiciliaria-mas-de-30-barrios-de-tres-parroquias-surenas-se-suman-al-programa-san-francisco-limpio\/","title":{"rendered":"\u00a1RECOLECCI\u00d3N DOMICILIARIA! M\u00e1s de 30 barrios de tres parroquias sure\u00f1as se suman al programa San Francisco Limpio"},"content":{"rendered":"\n<p><strong>ENTRE TORMENTAS. <\/strong>La alcald\u00eda del municipio San Francisco mantiene sus funciones para mejorar cada d\u00eda el servicio de Aseo Urbano, implementando nuevas rutas domiciliarias en sectores rurales del municipio a trav\u00e9s de la ardua labor de las secretar\u00edas parroquiales.<\/p>\n\n\n\n<p>En esta nueva ampliaci\u00f3n del programa, m\u00e1s de 30 barrios ser\u00e1n atendidos por las unidades recolectoras, atacando algunos con camiones volteo, para evitar inconvenientes con el cableado el\u00e9ctrico y el terreno que dificultan muchas veces el paso de los camiones compactadores.<\/p>\n\n\n\n<p>Milagros Montiel, directora municipal de gesti\u00f3n, resalt\u00f3 el gran esfuerzo que las secretar\u00edas parroquiales han tenido en el desarrollo del proyecto San Francisco Limpio, siendo estas el contacto principal entre la gesti\u00f3n del alcalde Gustavo Fern\u00e1ndez y las comunidades.<\/p>\n\n\n\n<figure class=\"wp-block-image size-full\"><img fetchpriority=\"high\" decoding=\"async\" width=\"560\" height=\"573\" src=\"https:\/\/entretormentas.com\/wp-content\/uploads\/2024\/11\/image-36.png\" alt=\"\" class=\"wp-image-9718\" srcset=\"https:\/\/entretormentas.com\/wp-content\/uploads\/2024\/11\/image-36.png 560w, https:\/\/entretormentas.com\/wp-content\/uploads\/2024\/11\/image-36-293x300.png 293w\" sizes=\"(max-width: 560px) 100vw, 560px\" \/><\/figure>\n\n\n\n<p>\u201cContinuamos cumpliendo la misi\u00f3n de nuestro alcalde Gustavo Fern\u00e1ndez M\u00e9ndez, llegando a m\u00e1s sectores de nuestra geograf\u00eda, espec\u00edficamente en las parroquias Domitila Flores, Jos\u00e9 Domingo Rus y Marcial Hern\u00e1ndez\u201d, afirm\u00f3 Montiel.<\/p>\n\n\n\n<p>Por su parte, Javier Solano, director de Aseo Urbano del Instituto Municipal de Ambiente y Aseo Urbano (Imasur), agradeci\u00f3 y resalt\u00f3 la ardua labor de los promotores y brigadistas ambientales para llegar a cada rinc\u00f3n del municipio, llevando un mensaje de concientizaci\u00f3n y sentido de pertenencia.<\/p>\n\n\n\n<p>\u201cContamos con hombres y mujeres que, d\u00eda a d\u00eda, con sol o lluvia, salen junto a los equipos de Imasur para colaborar en la construcci\u00f3n de un municipio limpio y brindar espacios dignificados\u201d, expres\u00f3 Solano.<\/p>\n\n\n\n<p>Los vecinos de estas comunidades se mostraron agradecidos por ahora contar con este importante servicio p\u00fablico, el cual evitar\u00e1 el bote de basura en lugares inadecuados como ca\u00f1adas, que eran utilizadas como vertederos a cielo abierto.<\/p>\n\n\n\n<p>Eudo Fern\u00e1ndez, habitante del sector 1 de Marzo, parroquia Domitila Flores, expres\u00f3 que por mucho tiempo el sector no contaba con unidades para el desecho de basura. \u201cTen\u00edamos que pagar un cami\u00f3n privado para que nos la botara. Me siento agradecido con el alcalde y todo el equipo, quienes son los encargados de informarnos los d\u00edas y rutas de recolecci\u00f3n y dem\u00e1s informaci\u00f3n\u201d, finaliz\u00f3.<br><strong><em>ET \/ Alcald\u00eda de San Francisco<\/em><\/strong><\/p>\n","protected":false},"excerpt":{"rendered":"<p>ENTRE TORMENTAS. La alcald\u00eda del municipio San Francisco mantiene sus funciones para mejorar cada d\u00eda&#8230;<\/p>\n","protected":false},"author":2,"featured_media":9719,"comment_status":"closed","ping_status":"open","sticky":false,"template":"","format":"standard","meta":{"footnotes":""},"categories":[57,1],"tags":[],"class_list":["post-9717","post","type-post","status-publish","format-standard","has-post-thumbnail","hentry","category-actualidad","category-regionales"],"_links":{"self":[{"href":"https:\/\/entretormentas.com\/index.php?rest_route=\/wp\/v2\/posts\/9717","targetHints":{"allow":["GET"]}}],"collection":[{"href":"https:\/\/entretormentas.com\/index.php?rest_route=\/wp\/v2\/posts"}],"about":[{"href":"https:\/\/entretormentas.com\/index.php?rest_route=\/wp\/v2\/types\/post"}],"author":[{"embeddable":true,"href":"https:\/\/entretormentas.com\/index.php?rest_route=\/wp\/v2\/users\/2"}],"replies":[{"embeddable":true,"href":"https:\/\/entretormentas.com\/index.php?rest_route=%2Fwp%2Fv2%2Fcomments&post=9717"}],"version-history":[{"count":1,"href":"https:\/\/entretormentas.com\/index.php?rest_route=\/wp\/v2\/posts\/9717\/revisions"}],"predecessor-version":[{"id":9720,"href":"https:\/\/entretormentas.com\/index.php?rest_route=\/wp\/v2\/posts\/9717\/revisions\/9720"}],"wp:featuredmedia":[{"embeddable":true,"href":"https:\/\/entretormentas.com\/index.php?rest_route=\/wp\/v2\/media\/9719"}],"wp:attachment":[{"href":"https:\/\/entretormentas.com\/index.php?rest_route=%2Fwp%2Fv2%2Fmedia&parent=9717"}],"wp:term":[{"taxonomy":"category","embeddable":true,"href":"https:\/\/entretormentas.com\/index.php?rest_route=%2Fwp%2Fv2%2Fcategories&post=9717"},{"taxonomy":"post_tag","embeddable":true,"href":"https:\/\/entretormentas.com\/index.php?rest_route=%2Fwp%2Fv2%2Ftags&post=9717"}],"curies":[{"name":"wp","href":"https:\/\/api.w.org\/{rel}","templated":true}]}}